{"id":2674,"date":"2025-03-26T14:05:00","date_gmt":"2025-03-26T14:05:00","guid":{"rendered":"https:\/\/mami-lab.org\/?p=2674"},"modified":"2025-03-26T14:29:35","modified_gmt":"2025-03-26T14:29:35","slug":"la-pregunta-que-todos-hacen-es-facil-solicitar-asilo-en-belgica-lo-estan-aprobando","status":"publish","type":"post","link":"https:\/\/mami-lab.org\/fr\/la-pregunta-que-todos-hacen-es-facil-solicitar-asilo-en-belgica-lo-estan-aprobando\/","title":{"rendered":"La pregunta que todos hacen: \u00bfEs f\u00e1cil solicitar asilo en B\u00e9lgica? \u00bfLo est\u00e1n aprobando?"},"content":{"rendered":"<p class=\"has-text-align-right\"><strong>Por Xiul Castro<\/strong> <strong>revisi\u00f3n por Margot Tudela<\/strong><\/p>\n\n\n\n<p><\/p>\n\n\n\n<p><\/p>\n\n\n\n<p><\/p>\n\n\n\n<p>B\u00e9lgica, un pa\u00eds multicultural, ha acogido a inmigrantes de Latinoam\u00e9rica y otros continentes. Sin embargo, el proceso de solicitar asilo o protecci\u00f3n internacional puede ser una experiencia diferente para cada persona: favorable para algunos y desafiante para otros.<\/p>\n\n\n\n<p>El procedimiento de protecci\u00f3n internacional, como se conoce actualmente, es un tema cotidiano. Lamentablemente, no es tan simple como parece. La solicitud debe ser recibida, analizada y, tras un periodo de espera que puede ser largo o corto, puede ser denegada. Este art\u00edculo es resultado de la sesi\u00f3n informativa del 25 de enero de 2025 con la ASBL Service Social des Solidarit\u00e9s (SESO)<\/p>\n\n\n\n<p><\/p>\n\n\n\n<p><strong><mark style=\"background-color:rgba(0, 0, 0, 0)\" class=\"has-inline-color has-ast-global-color-2-color\">\u00bfQu\u00e9 se tiene en cuenta para aprobar el asilo?<\/mark><\/strong><\/p>\n\n\n\n<p>Actualmente, situaciones como la guerrilla, la corrupci\u00f3n o el irrespeto a la opini\u00f3n pol\u00edtica no suelen ser suficientes para obtener una decisi\u00f3n favorable. Las autoridades priorizan las solicitudes de personas provenientes de pa\u00edses en guerra, como es el caso de Ucrania.<\/p>\n\n\n\n<p>Incluso en estos casos, la protecci\u00f3n otorgada es temporal y se revisa peri\u00f3dicamente, generalmente cada a\u00f1o. Por ejemplo, si la situaci\u00f3n en el pa\u00eds de origen mejora o la guerra termina, las personas pueden ser obligadas a regresar. Lo mismo ocurre con quienes obtienen protecci\u00f3n internacional por otros motivos: su estatus puede ser reevaluado durante la renovaci\u00f3n del permiso, y si se considera que su vida ya no est\u00e1 en peligro, la protecci\u00f3n puede ser revocada.<\/p>\n\n\n\n<p><\/p>\n\n\n\n<p><strong>\u00bfQui\u00e9n puede solicitar asilo?<\/strong><\/p>\n\n\n\n<p>Toda persona que teme regresar a su pa\u00eds porque su vida corre peligro o podr\u00eda sufrir da\u00f1os graves tiene derecho a solicitar asilo en B\u00e9lgica. Las causas m\u00e1s comunes incluyen:<\/p>\n\n\n\n<p>Protecci\u00f3n temporal: Por migraciones masivas debido a guerras o desastres naturales. Este estatus se revisa peri\u00f3dicamente.<\/p>\n\n\n\n<p>Refugio: Para personas perseguidas por su opini\u00f3n pol\u00edtica, religi\u00f3n, nacionalidad, etnia o preferencia sexual.<\/p>\n\n\n\n<p>Protecci\u00f3n subsidiaria: Para quienes enfrentan riesgos graves en su pa\u00eds, como tortura, pena de muerte, violencia indiscriminada o conflictos armados.<\/p>\n\n\n\n<p>Es fundamental presentar pruebas que respalden estas solicitudes, ya que la documentaci\u00f3n es clave para el an\u00e1lisis del caso.<\/p>\n\n\n\n<p><\/p>\n\n\n\n<p><strong>Pasos para solicitar protecci\u00f3n internacional<\/strong><\/p>\n\n\n\n<p>1. Introducci\u00f3n de la solicitud<\/p>\n\n\n\n<p>La solicitud debe presentarse en la Oficina de Extranjer\u00eda (Office des \u00c9trangers), donde se toman las huellas dactilares, una foto y la identificaci\u00f3n del solicitante. Esto puede hacerse directamente en las oficinas o en las fronteras.<\/p>\n\n\n\n<p>Es recomendable realizar el tr\u00e1mite en la oficina, ya que presentarlo en la frontera puede implicar el traslado inmediato a un centro cerrado, lo que puede resultar en cambios constantes de ubicaci\u00f3n y, si hay ni\u00f1os, de escuelas.<\/p>\n\n\n\n<p><\/p>\n\n\n\n<p><strong>2. Evaluaci\u00f3n del caso por el CGRA<\/strong><\/p>\n\n\n\n<p>El expediente ser\u00e1 enviado al Commissariat G\u00e9n\u00e9ral aux R\u00e9fugi\u00e9s et Apatrides (CGRA), que evaluar\u00e1 la solicitud y decidir\u00e1 si concede el estatus de refugiado, protecci\u00f3n subsidiaria o si rechaza la solicitud.<\/p>\n\n\n\n<p><\/p>\n\n\n\n<p><strong>3. Derechos del solicitante<\/strong><\/p>\n\n\n\n<p>Durante el proceso, los solicitantes tienen derecho a:<\/p>\n\n\n\n<p>Alojamiento, alimentos y atenci\u00f3n m\u00e9dica proporcionados por Fedasil.<\/p>\n\n\n\n<p>Permanecer en B\u00e9lgica hasta que se emita una decisi\u00f3n final.<\/p>\n\n\n\n<p><strong>El Anexo 26: Introducci\u00f3n y resoluci\u00f3n de la solicitud<\/strong><\/p>\n\n\n\n<p><strong>Tipos de Anexo 26&nbsp;<\/strong><\/p>\n\n\n\n<ul class=\"wp-block-list\">\n<li><strong>Anexo 26 inicial: <\/strong>Confirma la introducci\u00f3n de la solicitud.<\/li>\n<\/ul>\n\n\n\n<p><a href=\"https:\/\/dofi.ibz.be\/sites\/default\/files\/2022-12\/Annexe_26.pdf\">https:\/\/dofi.ibz.be\/sites\/default\/files\/2022-12\/Annexe_26.pdf<\/a><\/p>\n\n\n\n<ul class=\"wp-block-list\">\n<li><strong>Anexo 26 Qu\u00e1ter<\/strong>, que se entrega cuando la solicitud ha sido evaluada y rechazada. Este documento incluye una orden de salida voluntaria del territorio.&nbsp;<\/li>\n<\/ul>\n\n\n\n<p><a href=\"https:\/\/dofi.ibz.be\/sites\/default\/files\/2021-12\/Annexe%2026quater.pdf\">https:\/\/dofi.ibz.be\/sites\/default\/files\/2021-12\/Annexe%2026quater.pdf<\/a><\/p>\n\n\n\n<p><\/p>\n\n\n\n<p><strong>El Anexo 26<\/strong> es el documento que se emite al presentar la solicitud de protecci\u00f3n internacional. Este comprobante confirma que el caso est\u00e1 siendo analizado y permite al solicitante residir legalmente en el territorio durante este periodo.<\/p>\n\n\n\n<p>Sin embargo, tambi\u00e9n existe el <strong>Anexo 26 Qu\u00e1ter<\/strong>, que se entrega cuando la solicitud ha sido evaluada y rechazada. Este documento incluye una orden de salida voluntaria del territorio. Por lo tanto, es importante diferenciar entre ambos anexos:<\/p>\n\n\n\n<p><\/p>\n\n\n\n<p>Si una persona decide cumplir con la orden de salida, puede optar por el retorno asistido, que incluye:<\/p>\n\n\n\n<p><\/p>\n\n\n\n<p><strong>El costo del billete de avi\u00f3n o autob\u00fas.<\/strong><\/p>\n\n\n\n<p>Ayuda econ\u00f3mica para la reintegraci\u00f3n en el pa\u00eds de origen, que puede destinarse a alojamiento, formaci\u00f3n o proyectos personales.<\/p>\n\n\n\n<p><strong>La Carta Naranja: Residencia temporal durante el tr\u00e1mite<\/strong><\/p>\n\n\n\n<p>La carta naranja, o Attestation d\u2019Immatriculation, es un documento provisional que permite a una persona permanecer legalmente en B\u00e9lgica mientras su solicitud de residencia es evaluada. Este documento:<\/p>\n\n\n\n<p>Tiene una validez de 3 a 6 meses y puede renovarse hasta que las autoridades tomen una decisi\u00f3n final.<\/p>\n\n\n\n<p><strong>No equivale a una residencia permanente, <\/strong>ni otorga el derecho autom\u00e1tico a trabajar (excepto en ciertos casos espec\u00edficos).<\/p>\n\n\n\n<p><strong>No permite viajar fuera de B\u00e9lgica. <\/strong>Si el solicitante abandona el pa\u00eds durante el tr\u00e1mite, este se considerar\u00e1 abandonado o anulado.<\/p>\n\n\n\n<p>Este mismo principio aplica para los solicitantes de asilo: si durante el proceso tienen contacto con la embajada o el consulado de su pa\u00eds de origen, su solicitud podr\u00eda ser anulada, ya que esto puede interpretarse como una intenci\u00f3n de regresar voluntariamente.<\/p>\n\n\n\n<p><strong>Conclusi\u00f3n<\/strong><\/p>\n\n\n\n<p>El sistema de protecci\u00f3n internacional en B\u00e9lgica es complejo y riguroso. Aunque cualquier persona que sienta que su vida corre peligro puede solicitar asilo, el proceso requiere cumplir con criterios espec\u00edficos y presentar pruebas s\u00f3lidas. Es importante estar bien informado sobre los derechos, deberes y documentos asociados, como el Anexo 26 y la carta naranja, para poder gestionar adecuadamente la solicitud.<\/p>\n\n\n\n<p>Si decides regresar voluntariamente, existen programas de retorno asistido que garantizan un regreso digno y seguro. Por ello, contar con informaci\u00f3n clara y precisa es clave para tomar las mejores decisiones en estos procedimientos.<\/p>\n\n\n\n<p><\/p>\n\n\n\n<p><\/p>\n\n\n\n<div class=\"wp-block-file\"><a id=\"wp-block-file--media-e2104be6-a268-4e78-80a9-816a7be0bea6\" href=\"https:\/\/mami-lab.org\/wp-content\/uploads\/2025\/03\/FAQ-RESUMEN-A-DESCARGAR-.docx\">FAQ RESUMEN A DESCARGAR<\/a><a href=\"https:\/\/mami-lab.org\/wp-content\/uploads\/2025\/03\/FAQ-RESUMEN-A-DESCARGAR-.docx\" class=\"wp-block-file__button wp-element-button\" download aria-describedby=\"wp-block-file--media-e2104be6-a268-4e78-80a9-816a7be0bea6\">Descarga<\/a><\/div>\n\n\n\n<figure class=\"wp-block-video\"><video height=\"720\" style=\"aspect-ratio: 1280 \/ 720;\" width=\"1280\" controls src=\"https:\/\/mami-lab.org\/wp-content\/uploads\/2025\/03\/Design-sans-titre-1.mp4\"><\/video><\/figure>\n\n\n\n<div data-wp-interactive=\"core\/file\" class=\"wp-block-file\"><object data-wp-bind--hidden=\"!state.hasPdfPreview\" hidden class=\"wp-block-file__embed\" data=\"https:\/\/mami-lab.org\/wp-content\/uploads\/2025\/03\/BROCHURE-ESP-DPI-2-1.pdf\" type=\"application\/pdf\" style=\"width:100%;height:600px\" aria-label=\"Contenu embarqu\u00e9 BROCHURE ESP - DPI (2) (1).\"><\/object><a id=\"wp-block-file--media-3bb99e56-5aa1-4519-be2d-6a6304f7d565\" href=\"https:\/\/mami-lab.org\/wp-content\/uploads\/2025\/03\/BROCHURE-ESP-DPI-2-1.pdf\">BROCHURE ESP &#8211; DPI (2) (1)<\/a><a href=\"https:\/\/mami-lab.org\/wp-content\/uploads\/2025\/03\/BROCHURE-ESP-DPI-2-1.pdf\" class=\"wp-block-file__button wp-element-button\" download aria-describedby=\"wp-block-file--media-3bb99e56-5aa1-4519-be2d-6a6304f7d565\">Descarga<\/a><\/div>","protected":false},"excerpt":{"rendered":"<p>Por Xiul Castro revisi\u00f3n por Margot Tudela B\u00e9lgica, un pa\u00eds multicultural, ha acogido a inmigrantes de Latinoam\u00e9rica y otros continentes. Sin embargo, el proceso de solicitar asilo o protecci\u00f3n internacional [&hellip;]<\/p>\n","protected":false},"author":1,"featured_media":2682,"comment_status":"open","ping_status":"open","sticky":false,"template":"","format":"standard","meta":{"site-sidebar-layout":"default","site-content-layout":"","ast-site-content-layout":"default","site-content-style":"default","site-sidebar-style":"default","ast-global-header-display":"","ast-banner-title-visibility":"","ast-main-header-display":"","ast-hfb-above-header-display":"","ast-hfb-below-header-display":"","ast-hfb-mobile-header-display":"","site-post-title":"","ast-breadcrumbs-content":"","ast-featured-img":"","footer-sml-layout":"","ast-disable-related-posts":"","theme-transparent-header-meta":"","adv-header-id-meta":"","stick-header-meta":"","header-above-stick-meta":"","header-main-stick-meta":"","header-below-stick-meta":"","astra-migrate-meta-layouts":"set","ast-page-background-enabled":"default","ast-page-background-meta":{"desktop":{"background-color":"var(--ast-global-color-5)","background-image":"","background-repeat":"repeat","background-position":"center center","background-size":"auto","background-attachment":"scroll","background-type":"","background-media":"","overlay-type":"","overlay-color":"","overlay-opacity":"","overlay-gradient":""},"tablet":{"background-color":"","background-image":"","background-repeat":"repeat","background-position":"center center","background-size":"auto","background-attachment":"scroll","background-type":"","background-media":"","overlay-type":"","overlay-color":"","overlay-opacity":"","overlay-gradient":""},"mobile":{"background-color":"","background-image":"","background-repeat":"repeat","background-position":"center center","background-size":"auto","background-attachment":"scroll","background-type":"","background-media":"","overlay-type":"","overlay-color":"","overlay-opacity":"","overlay-gradient":""}},"ast-content-background-meta":{"desktop":{"background-color":"var(--ast-global-color-4)","background-image":"","background-repeat":"repeat","background-position":"center center","background-size":"auto","background-attachment":"scroll","background-type":"","background-media":"","overlay-type":"","overlay-color":"","overlay-opacity":"","overlay-gradient":""},"tablet":{"background-color":"var(--ast-global-color-4)","background-image":"","background-repeat":"repeat","background-position":"center center","background-size":"auto","background-attachment":"scroll","background-type":"","background-media":"","overlay-type":"","overlay-color":"","overlay-opacity":"","overlay-gradient":""},"mobile":{"background-color":"var(--ast-global-color-4)","background-image":"","background-repeat":"repeat","background-position":"center center","background-size":"auto","background-attachment":"scroll","background-type":"","background-media":"","overlay-type":"","overlay-color":"","overlay-opacity":"","overlay-gradient":""}},"footnotes":""},"categories":[9,1],"tags":[],"class_list":["post-2674","post","type-post","status-publish","format-standard","has-post-thumbnail","hentry","category-asilo","category-uncategorized"],"_links":{"self":[{"href":"https:\/\/mami-lab.org\/fr\/wp-json\/wp\/v2\/posts\/2674","targetHints":{"allow":["GET"]}}],"collection":[{"href":"https:\/\/mami-lab.org\/fr\/wp-json\/wp\/v2\/posts"}],"about":[{"href":"https:\/\/mami-lab.org\/fr\/wp-json\/wp\/v2\/types\/post"}],"author":[{"embeddable":true,"href":"https:\/\/mami-lab.org\/fr\/wp-json\/wp\/v2\/users\/1"}],"replies":[{"embeddable":true,"href":"https:\/\/mami-lab.org\/fr\/wp-json\/wp\/v2\/comments?post=2674"}],"version-history":[{"count":4,"href":"https:\/\/mami-lab.org\/fr\/wp-json\/wp\/v2\/posts\/2674\/revisions"}],"predecessor-version":[{"id":2692,"href":"https:\/\/mami-lab.org\/fr\/wp-json\/wp\/v2\/posts\/2674\/revisions\/2692"}],"wp:featuredmedia":[{"embeddable":true,"href":"https:\/\/mami-lab.org\/fr\/wp-json\/wp\/v2\/media\/2682"}],"wp:attachment":[{"href":"https:\/\/mami-lab.org\/fr\/wp-json\/wp\/v2\/media?parent=2674"}],"wp:term":[{"taxonomy":"category","embeddable":true,"href":"https:\/\/mami-lab.org\/fr\/wp-json\/wp\/v2\/categories?post=2674"},{"taxonomy":"post_tag","embeddable":true,"href":"https:\/\/mami-lab.org\/fr\/wp-json\/wp\/v2\/tags?post=2674"}],"curies":[{"name":"wp","href":"https:\/\/api.w.org\/{rel}","templated":true}]}}