{"id":2831,"date":"2025-08-17T17:46:30","date_gmt":"2025-08-17T17:46:30","guid":{"rendered":"https:\/\/mami-lab.org\/?p=2831"},"modified":"2025-08-18T16:41:59","modified_gmt":"2025-08-18T16:41:59","slug":"aprender-frances-o-neerlandes-en-belgica-una-guia","status":"publish","type":"post","link":"https:\/\/mami-lab.org\/fr\/aprender-frances-o-neerlandes-en-belgica-una-guia\/","title":{"rendered":"Aprender Franc\u00e9s o Neerland\u00e9s en B\u00e9lgica: una Gu\u00eda"},"content":{"rendered":"<h2 class=\"wp-block-post-title\">Aprender Franc\u00e9s o Neerland\u00e9s en B\u00e9lgica: una Gu\u00eda<\/h2>\n\n\n<h4 class=\"wp-block-heading\">Resumen de lo que necesitas saber ya<\/h4>\n\n\n\n<p>Llegar a B\u00e9lgica como madre migrante puede ser abrumador, pero <strong>dominar el idioma local es tu llave hacia la independencia<\/strong>. Lo que muchas no saben es que B\u00e9lgica no s\u00f3lo ofrece cursos completamente gratuitos, sino que <strong>te paga por estudiar<\/strong> si sigues un programa de insercion socio-profesional con actiris y tienes tus documentos en regla. Esto no es demasiado bueno para ser verdad; es una pol\u00edtica p\u00fablica que busca la integraci\u00f3n profesional de los \u00abprimo arrivantes\u00bb. Aunque tambi\u00e9n hay opciones para los demadantes de asilo y las personas en vias de regularizaci\u00f3n, estas no contemplan ayudas econ\u00f3micas directas, pero no limita el acceso a poder estudiar el idioma. La limitaci\u00f3n en estos casos es la guarderia antes de edad para la escuela maternal que es realmente complicada a acceder al menos en Bruselas.<\/p>\n\n\n\n<p><\/p>\n\n\n\n<p><strong>La realidad:<\/strong> En Bruselas, ser biling\u00fce puede duplicar tus oportunidades laborales, ya que el 50% de empleos requieren neerland\u00e9s. Sin embargo,  este aprendizaje puede durar a\u00f1os y  necesitamos estar preparadas a esta realidad trabajando nuestra perseverancia y paciencia. <\/p>\n\n\n\n<p>Tambi\u00e9n existen barreras sist\u00e9micas como la discriminaci\u00f3n por origen extranjero que pueden complicar la inserci\u00f3n laboral, sumado a  la  barrera del idioma ya que los empleos inmediatos como de cuidado del hogar o ni\u00f1era, aunque est\u00e1n mas disponibles, muchas veces son extenuantes.<\/p>\n\n\n\n<p>Lograr tener un equilibrio entre<strong> trabajos precarios del inicio, maternaje <\/strong>y dejar tiempo para estudiar el idioma no es evidente. Depender\u00e1 de tu determinacion y visi\u00f3n a mantener la meta de aprenderlo a pesar de las urgencias de cada una y prioridades, tambi\u00e9n de las redes de apoyo familiares con las que cuentes, pues si est\u00e1s sola se multiplica la dificultad de redes para jugar con los horarios de los ni\u00f1os. Si est\u00e1s en pareja pero con una pareja que no comparte los quehaceres del hogar-parentalidad y no comprende tu proceso de integraci\u00f3n o ambos se encuentran en el mismo proceso de aprendizaje, va a tocar coordinar muy bien, pues si s\u00f3lo tu tienes el peso de estas tareas, este va a ser tu principal obstaculo para la integraci\u00f3n. Esto est\u00e1 comprobado y es una de las razones principales de las desigualdades entre mujeres y hombres: la carga familiar que portan solo las mujeres muchas veces y que continua siendo el principal obstaculo para encontrar nuestro lugar en esta nueva sociedad de acojo y fuente de violencias multiples.<\/p>\n\n\n\n<p>Este pa\u00eds esta lleno de oportunidades para reconversion laboral en \u00e1reas en penuria o no y el manejo o no del idioma va a ser primordial para esa reconversi\u00f3n.<\/p>\n\n\n\n<p><\/p>\n\n\n\n<h4 class=\"wp-block-heading\"><strong>\ud83d\udccd Seg\u00fan D\u00f3nde Vives, Necesitas:<\/strong><\/h4>\n\n\n\n<ul class=\"wp-block-list\">\n<li><strong>Bruselas<\/strong>: Franc\u00e9s (vida cotidiana) + Neerland\u00e9s (empleo) &#8211; <em>Proceso que puede tomar a\u00f1os<\/em><\/li>\n\n\n\n<li><strong>Wallonia<\/strong>: Franc\u00e9s es esencial<\/li>\n\n\n\n<li><strong>Flandes<\/strong>: Neerland\u00e9s es imprescindible<\/li>\n<\/ul>\n\n\n\n<h4 class=\"wp-block-heading\">Tus Aliados Institucionales por Regi\u00f3n<\/h4>\n\n\n\n<p>Cada regi\u00f3n tiene su organismo especializado en transformar tu experiencia migratoria en una historia de \u00e9xito. Estos no son oficinas burocr\u00e1ticas, sino <strong>ecosistemas de apoyo financiados espec\u00edficamente para ayudarte<\/strong>, pero a veces llegar al buen consejor toma tiempo. Me ha pasado al inicio no me daban toda la informaci\u00f3n correcta y fue s\u00f3lamente una tercera vez con otro consejero que pude tener una informacion que me ayudo en mi busqueda de empleo.<\/p>\n\n\n\n<p><\/p>\n\n\n\n<p><\/p>\n\n\n\n<h4 class=\"wp-block-heading\"><strong>En Bruselas: ACTIRIS &#8211; Tu Puerta de Entrada<\/strong><\/h4>\n\n\n\n<p><strong>\ud83d\udcde Contacto:<\/strong> 0800 555 66 (gratuito) | <a href=\"http:\/\/www.actiris.brussels\" data-type=\"link\" data-id=\"www.actiris.brussels\">www.actiris.brussels<\/a><\/p>\n\n\n\n<p><strong>\u2705 Servicios Gratuitos:<\/strong><\/p>\n\n\n\n<ul class=\"wp-block-list\">\n<li><strong>Ch\u00e8ques-Langues<\/strong>: 100% gratuitos (120 horas)<\/li>\n\n\n\n<li><strong>2\u20ac por hora<\/strong> de formaci\u00f3n completada<\/li>\n\n\n\n<li><strong>Orientaci\u00f3n profesional<\/strong> personalizada<\/li>\n\n\n\n<li><strong>Tests de nivel<\/strong> ling\u00fc\u00edstico gratuitos<\/li>\n\n\n\n<li><a href=\"https:\/\/www.actiris.brussels\/fr\/citoyens\/garde-de-mon-enfant\/\" data-type=\"link\" data-id=\"https:\/\/www.actiris.brussels\/fr\/citoyens\/garde-de-mon-enfant\/\"><strong>Servicio de guarder\u00eda<\/strong> <\/a>(limitado, con lista de espera)<\/li>\n\n\n\n<li><strong>Gastos de transporte<\/strong> reembolsados<\/li>\n<\/ul>\n\n\n\n<p><strong>\ud83d\udccb Requisitos Esenciales:<\/strong><\/p>\n\n\n\n<ul class=\"wp-block-list\">\n<li>Inscrita como demandante de empleo<\/li>\n\n\n\n<li>Domiciliada en Bruselas (19 comunas)<\/li>\n\n\n\n<li>18-65 a\u00f1os, alfabetizada<\/li>\n\n\n\n<li><strong>M\u00ednimo Anexo 19 o Carta Naranja<\/strong><\/li>\n<\/ul>\n\n\n\n<h4 class=\"wp-block-heading\"><strong>En Wallonia: FOREM<\/strong><\/h4>\n\n\n\n<p><strong>\ud83d\udcde:<\/strong> 071 20 61 11 | <a href=\"http:\/\/www.leforem.be\">www.leforem.be<\/a><\/p>\n\n\n\n<ul class=\"wp-block-list\">\n<li><strong>+350 formaciones gratuitas<\/strong> en toda Wallonia<\/li>\n\n\n\n<li><strong>Indemnizaci\u00f3n<\/strong> bajo ciertas condiciones<\/li>\n\n\n\n<li><strong>Ayuda transporte<\/strong><\/li>\n<\/ul>\n\n\n\n<h4 class=\"wp-block-heading\"><strong>En Flandes: VDAB<\/strong><\/h4>\n\n\n\n<p><strong>\ud83d\udcde:<\/strong> 0800 30 700 | <a href=\"http:\/\/www.vdab.be\" data-type=\"link\" data-id=\"www.vdab.be\">www.vdab.be<\/a><\/p>\n\n\n\n<ul class=\"wp-block-list\">\n<li><strong>Cursos neerland\u00e9s gratuitos<\/strong> para extranjeros<\/li>\n\n\n\n<li><strong>Formaci\u00f3n profesional<\/strong> en neerland\u00e9s<\/li>\n\n\n\n<li><strong>Apoyo espec\u00edfico<\/strong> para personas cualificadas<\/li>\n\n\n\n<li><strong>Oficina Bruselas:<\/strong> Rue des Brigittines 10<\/li>\n<\/ul>\n\n\n\n<hr class=\"wp-block-separator has-alpha-channel-opacity\"\/>\n\n\n\n<h4 class=\"wp-block-heading\"><strong>Informaci\u00f3n Crucial para Demandantes de Asilo<\/strong><\/h4>\n\n\n\n<p><strong>\u274c Con Anexo 26:<\/strong> No puedes inscribirte a\u00fan. Debes esperar tu carta naranja.<\/p>\n\n\n\n<p><strong>\u2705 Con Carta Naranja (Anexo 19):<\/strong> \u00a1Acceso completo! Solo necesitas inscribirte seleccionando \u00abs\u00e9jour limit\u00e9\u00bb e indicar fecha de validez.<\/p>\n\n\n\n<p><strong>\u274c<strong>\u2705<\/strong> En proceso de asilo:<\/strong> Debes esperar hasta que tu estatus sea positivo para acceder al Parcours d&#8217;Accueil o el curso de integraci\u00f3n. Pero si tienes permiso de trabajo puedes inscribirte en actiris como buscadora de empleo y acceder a formaciones gratuitas o bajo costo.<\/p>\n\n\n\n<hr class=\"wp-block-separator has-alpha-channel-opacity\"\/>\n\n\n\n<h4 class=\"wp-block-heading\"><\/h4>\n\n\n\n<p>El sistema belga reconoce las dificultades en la integraci\u00f3n y  facilita el acceso a la lengua cuidado infantil, transporte, posible p\u00e9rdida de ingresos. Por eso, estos apoyos son tan  importantes al inicio.<\/p>\n\n\n\n<p><\/p>\n\n\n\n<h4 class=\"wp-block-heading\"><strong>Apoyo Econ\u00f3mico en Bruselas:<\/strong><\/h4>\n\n\n\n<ul class=\"wp-block-list\">\n<li><strong>Formaci\u00f3n 100% gratuita<\/strong><\/li>\n\n\n\n<li><strong>2\u20ac brutos\/hora<\/strong> de estudio<\/li>\n\n\n\n<li><strong>Hasta 910\u20ac<\/strong> en formaciones completas<\/li>\n\n\n\n<li><strong>Transporte reembolsado<\/strong><\/li>\n\n\n\n<li><strong>Pr\u00e9stamo de ordenadores<\/strong><\/li>\n<\/ul>\n\n\n\n<h4 class=\"wp-block-heading\"><strong>Modalidades de Ch\u00e8ques-Langues:<\/strong><\/h4>\n\n\n\n<ul class=\"wp-block-list\">\n<li><strong>Cursos orientados al empleo<\/strong> (20h\/semana)<\/li>\n\n\n\n<li><strong>Formaci\u00f3n individual<\/strong> (40h) o <strong>grupal<\/strong> (60h)<\/li>\n\n\n\n<li><strong>Centros de promoci\u00f3n social<\/strong><\/li>\n<\/ul>\n\n\n\n<h4 class=\"wp-block-heading\"><strong>Cu\u00e1ndo Empezar: Flexibilidad <\/strong><\/h4>\n\n\n\n<p>El sistema est\u00e1 dise\u00f1ado para adaptarse a las realidades de madres migrantes: horarios impredecibles, responsabilidades que no pueden posponerse, y necesidades que var\u00edan seg\u00fan las edades de los hijos.<\/p>\n\n\n\n<p><strong>Limitaci\u00f3n importante:<\/strong> Solo a partir de que tu hijo est\u00e9 en horario escolar tendr\u00e1s m\u00e1s opciones, ya que pocos centros incluyen guarder\u00eda.<\/p>\n\n\n\n<h4 class=\"wp-block-heading\"><strong>Inscripciones Abiertas:<\/strong><\/h4>\n\n\n\n<ul class=\"wp-block-list\">\n<li><strong>Todo el a\u00f1o<\/strong> &#8211; Sin esperar septiembre<\/li>\n\n\n\n<li><strong>Actiris\/VDAB\/FOREM<\/strong>: Acceso continuo<\/li>\n\n\n\n<li><strong>Cursos cada 2-3 meses<\/strong><\/li>\n<\/ul>\n\n\n\n<h4 class=\"wp-block-heading\"><strong>Per\u00edodos Principales:<\/strong><\/h4>\n\n\n\n<ul class=\"wp-block-list\">\n<li><strong>Septiembre<\/strong>: M\u00e1xima oferta (<em>inscripciones en agosto<\/em>)<\/li>\n\n\n\n<li><strong>Enero-Febrero<\/strong>: Segunda oportunidad<\/li>\n\n\n\n<li><strong>Abril-Mayo<\/strong>: Cursos intensivos de verano<\/li>\n<\/ul>\n\n\n\n<h4 class=\"wp-block-heading\"><strong> Plazos Importantes:<\/strong><\/h4>\n\n\n\n<ul class=\"wp-block-list\">\n<li><strong>Pruebas de nivel<\/strong>: 2-3 semanas antes<\/li>\n\n\n\n<li><strong>Inscripci\u00f3n como demandante<\/strong>: Requisito previo<\/li>\n\n\n\n<li><strong>Reserva de plaza<\/strong>: 1-2 semanas antes<\/li>\n<\/ul>\n\n\n\n<hr class=\"wp-block-separator has-alpha-channel-opacity\"\/>\n\n\n\n<h4 class=\"wp-block-heading\"><strong>Modalidades <\/strong><\/h4>\n\n\n\n<p>Como madre, tu tiempo es escaso y variable. La <strong>consistencia importa m\u00e1s que la intensidad<\/strong>: mejor 2 horas semanales constantes durante 8 meses, que 20 horas semanales que abandonas al mes. Practicar todos los dias es importante!<\/p>\n\n\n\n<h4 class=\"wp-block-heading\"><strong>Formaci\u00f3n Intensiva<\/strong> <\/h4>\n\n\n\n<ul class=\"wp-block-list\">\n<li><strong>20h\/semana<\/strong> durante 3-4 meses<\/li>\n\n\n\n<li><strong>Horario:<\/strong> Lunes-viernes, ma\u00f1anas (9h-13h)<\/li>\n\n\n\n<li><strong>Ideal:<\/strong> Madres con hijos en edad escolar<\/li>\n<\/ul>\n\n\n\n<h4 class=\"wp-block-heading\"><strong>Formaci\u00f3n Parcial<\/strong> <em>(Conciliaci\u00f3n familia-estudio)<\/em><\/h4>\n\n\n\n<ul class=\"wp-block-list\">\n<li><strong>6-10h\/semana<\/strong> durante 6-8 meses<\/li>\n\n\n\n<li><strong>Horario:<\/strong> Mananas (9h-12h) o Tardes (14h-17h) o noche (18h-21h)<\/li>\n<\/ul>\n\n\n\n<h4 class=\"wp-block-heading\"><strong>Formaci\u00f3n Online\/H\u00edbrida<\/strong><\/h4>\n\n\n\n<ul class=\"wp-block-list\">\n<li><a href=\"https:\/\/brulingua.be\/fr\/?gad_source=1&amp;gad_campaignid=11300903022&amp;gbraid=0AAAAADP5o1JGAAn9XH2Nye77wwGnUvM2K&amp;gclid=Cj0KCQjw-4XFBhCBARIsAAdNOksJHhJh4OpPAp8cmkMxtm-QHiZIK_8mbmB42_ZKg_5Q1qYjumHTUIAaAlFIEALw_wcB\" data-type=\"link\" data-id=\"https:\/\/brulingua.be\/fr\/?gad_source=1&amp;gad_campaignid=11300903022&amp;gbraid=0AAAAADP5o1JGAAn9XH2Nye77wwGnUvM2K&amp;gclid=Cj0KCQjw-4XFBhCBARIsAAdNOksJHhJh4OpPAp8cmkMxtm-QHiZIK_8mbmB42_ZKg_5Q1qYjumHTUIAaAlFIEALw_wcB\"><strong>Brulingua<\/strong>: <\/a>A tu ritmo<\/li>\n\n\n\n<li><strong>M\u00e1xima flexibilidad<\/strong><\/li>\n<\/ul>\n\n\n\n<hr class=\"wp-block-separator has-alpha-channel-opacity\"\/>\n\n\n\n<h2 class=\"wp-block-heading\"> <strong>Centros de Formaci\u00f3n<\/strong><\/h2>\n\n\n\n<p>Existe un ecosistema diverso donde cada tipo de centro tiene su especialidad. Desde centros con cuidado infantil (limitado) hasta programas que integran formaci\u00f3n con orientaci\u00f3n profesional y apoyo psicosocial.<\/p>\n\n\n\n<h4 class=\"wp-block-heading\"><strong>1. Centros P\u00fablicos (Gratuitos)<\/strong><\/h4>\n\n\n\n<p><strong>Bruxelles Formation:<\/strong><\/p>\n\n\n\n<ul class=\"wp-block-list\">\n<li><a href=\"https:\/\/www.bruxellesformation.brussels\/centres-et-partenaires\/bf-langues\/\" data-type=\"link\" data-id=\"https:\/\/www.bruxellesformation.brussels\/centres-et-partenaires\/bf-langues\/\"><strong>BF Langues<\/strong>:<\/a> Especializado en idiomas para empleo<\/li>\n\n\n\n<li><a href=\"https:\/\/www.bruxellesformation.brussels\/catalogue-de-formations\/?page=1\" data-type=\"link\" data-id=\"https:\/\/www.bruxellesformation.brussels\/catalogue-de-formations\/?page=1\"><strong>152 establecimientos<\/strong> <\/a>en promoci\u00f3n social<\/li>\n\n\n\n<li><strong>Certificados oficiales<\/strong> reconocidos<\/li>\n<\/ul>\n\n\n\n<p><strong>Centros Recomendados:<\/strong><\/p>\n\n\n\n<ul class=\"wp-block-list\">\n<li><strong>EPFC-Madou<\/strong>: <a href=\"https:\/\/www.epfc.eu\/formations\">Ver formaciones<\/a><\/li>\n\n\n\n<li><strong>IEPFC-Uccle<\/strong>: <a href=\"https:\/\/www.eafc-uccle.be\/cours\/francais-langue-etrangere\/\">Franc\u00e9s lengua extranjera<\/a><\/li>\n<\/ul>\n\n\n\n<h4 class=\"wp-block-heading\"><strong>2. Organismos de Inserci\u00f3n (OISP\/CISP)<\/strong><\/h4>\n\n\n\n<ul class=\"wp-block-list\">\n<li><strong>+300 centros<\/strong> especializados en integraci\u00f3n<\/li>\n\n\n\n<li><strong>P\u00fablico:<\/strong> Personas con poca cualificaci\u00f3n<\/li>\n\n\n\n<li><strong>Servicios extra:<\/strong> Acompa\u00f1amiento psicosocial, orientaci\u00f3n profesional<\/li>\n<\/ul>\n\n\n\n<p><\/p>\n\n\n\n<p><\/p>\n\n\n\n<p><\/p>\n\n\n\n<hr class=\"wp-block-separator has-alpha-channel-opacity\"\/>\n\n\n\n<h2 class=\"wp-block-heading\"><strong>Parcours d&#8217;Accueil o Curso de integraci\u00f3n<\/strong><\/h2>\n\n\n\n<p>Es mucho m\u00e1s que un tr\u00e1mite obligatorio. Es <strong>una inversi\u00f3n del Estado belga <\/strong>: un programa personalizado que te proporciona las herramientas para conocer el sistema y tus derechos.<\/p>\n\n\n\n<h3 class=\"wp-block-heading\"><strong>\u00bfQu\u00e9 Incluye?<\/strong><\/h3>\n\n\n\n<ul class=\"wp-block-list\">\n<li><strong>Diagn\u00f3stico integral<\/strong> de necesidades<\/li>\n\n\n\n<li><strong>Formaci\u00f3n en ciudadan\u00eda<\/strong> y sociedad belga<\/li>\n\n\n\n<li><strong>Cursos de idiomas gratuitos<\/strong> hasta nivel A2<\/li>\n\n\n\n<li><strong>Acompa\u00f1amiento para equivalencias<\/strong> de diplomas<\/li>\n\n\n\n<li><strong>Conexi\u00f3n con servicios<\/strong> disponibles<\/li>\n<\/ul>\n\n\n\n<h3 class=\"wp-block-heading\"><strong>\u00bfQui\u00e9n Debe Hacerlo?<\/strong><\/h3>\n\n\n\n<ul class=\"wp-block-list\">\n<li>Primera inscripci\u00f3n en registro de extranjeros<\/li>\n\n\n\n<li>T\u00edtulo de residencia +3 meses<\/li>\n\n\n\n<li>Comuna de Bruselas<\/li>\n<\/ul>\n\n\n\n<h3 class=\"wp-block-heading\"><strong>Organismos de Acogida en Bruselas:<\/strong><\/h3>\n\n\n\n<ul class=\"wp-block-list\">\n<li><strong>BAPA BXL<\/strong>: <a href=\"http:\/\/www.bapabxl.be\" data-type=\"link\" data-id=\"www.bapabxl.be\">www.bapabxl.be<\/a><\/li>\n\n\n\n<li><strong>CONVIVIAL<\/strong>: <a href=\"https:\/\/www.convivial.be\/en\/31-2-2\/\">www.convivial.be<\/a><\/li>\n\n\n\n<li><strong>ATLAS\/BON<\/strong>: <a href=\"https:\/\/www.atlas-antwerpen.be\/nl\">Atlas<\/a> | <a href=\"https:\/\/www.bon.be\/fr\/contact\">BON<\/a> <\/li>\n<\/ul>\n\n\n\n<hr class=\"wp-block-separator has-alpha-channel-opacity\"\/>\n\n\n\n<h2 class=\"wp-block-heading\"><strong>Estrategias Espec\u00edficas <\/strong><\/h2>\n\n\n\n<p>Ser madre migrante aprendiendo un idioma requiere estrategias que van m\u00e1s all\u00e1 de m\u00e9todos tradicionales. Tu realidad incluye interrupciones , horarios impredecibles (flexibilidad), falta de concentraci\u00f3n (necesidad de m\u00e9todos activos) y sobre todo paciencia para a pesar de las interrupciones no abandonar y seguir.<\/p>\n\n\n\n<p><strong>La clave:<\/strong> Redefinir qu\u00e9 constituye \u00abtiempo de estudio\u00bb y convertir desaf\u00edos en oportunidades.<\/p>\n\n\n\n<h3 class=\"wp-block-heading\"><strong>Realidad Pr\u00e1ctica:<\/strong><\/h3>\n\n\n\n<p><strong>Aprender una lengua mientras maternar es dif\u00edcil.<\/strong> Plant\u00e9ate un proceso a mediano plazo (2.5 a\u00f1os) con esp\u00edritu de aprendizaje abierto: radio, pel\u00edculas, mesas de conversaci\u00f3n en tiempos libres.<\/p>\n\n\n\n<h4 class=\"wp-block-heading\"><strong>1. La planificaci\u00f3n es necesaria<\/strong><\/h4>\n\n\n\n<ul class=\"wp-block-list\">\n<li><strong>Cuidado infantil<\/strong>: Verificar guarder\u00edas cerca del centro, o si aun no tienes acceso busca la opci\u00f3n de inscripci\u00f3n con actiris y acceso a la guarderia, el problema es que a veces esta copado y sobre listas de espera.<\/li>\n\n\n\n<li><strong>Horarios escolares<\/strong>: Elegir formaciones compatibles una vez tengas acceso a una guarderia o tu hijo entre a la escuela maternal (desde 2.5 a\u00f1os puede acceder a la escuela maternal)<\/li>\n\n\n\n<li><strong>Red de apoyo<\/strong>: Busca grupos de madres, ten claro tu grupo de apoyo para poder salir de dudas.<\/li>\n<\/ul>\n\n\n\n<h4 class=\"wp-block-heading\"><strong>2. Aprovecha Momentos <\/strong><\/h4>\n\n\n\n<ul class=\"wp-block-list\">\n<li><strong>Consulta pediatra<\/strong>: Apps de idiomas<\/li>\n\n\n\n<li><strong>Parque con ni\u00f1os<\/strong>: Podcasts en idioma <\/li>\n\n\n\n<li><strong>Transporte p\u00fablico<\/strong>: Brulingua 15-20 min diarios<\/li>\n\n\n\n<li>Cambia el idioma de tu tel\u00e9fono<\/li>\n\n\n\n<li>Coloca post its por toda tu casa con palabras<\/li>\n<\/ul>\n\n\n\n<h4 class=\"wp-block-heading\"><strong>3. Inmersi\u00f3n Pr\u00e1ctica<\/strong><\/h4>\n\n\n\n<ul class=\"wp-block-list\">\n<li><strong>Voluntariado<\/strong>: Asociaciones locales<\/li>\n\n\n\n<li><strong>Actividades comunitarias<\/strong>: Centros culturales<\/li>\n\n\n\n<li><strong>Redes de madres<\/strong>: Grupos de juego = pr\u00e1ctica para madres<\/li>\n<\/ul>\n\n\n\n<hr class=\"wp-block-separator has-alpha-channel-opacity\"\/>\n\n\n\n<h2 class=\"wp-block-heading\"> <strong>Tu Red de Contactos <\/strong><\/h2>\n\n\n\n<p>Guarda estos contactos <strong>ahora mismo<\/strong>. En momentos de estr\u00e9s, tener esta informaci\u00f3n accesible te dar\u00e1 tranquilidad. Estos organismos existen espec\u00edficamente para ayudarte. <\/p>\n\n\n\n<p><\/p>\n\n\n\n<p>Si necesitas <strong>acompanamiento<\/strong> para inscribirte en estos tramites existen mam\u00e1s de nuestro colectivo voluntarias para acompa\u00f1arte y nos estamos organizando para poder apoyarte m\u00e1s. Puedes solicitar acompa\u00f1amiento  para estos tramites administrativos y  para la traducci\u00f3n en <strong><a href=\"mailto:mamilab.belgica@gmail.com\">mamilab.belgica@gmail.com<\/a><\/strong><\/p>\n\n\n\n<p><\/p>\n\n\n\n<h4 class=\"wp-block-heading\"><strong>Bruselas:<\/strong><\/h4>\n\n\n\n<ul class=\"wp-block-list\">\n<li><strong>Actiris<\/strong>: 0800 555 66<\/li>\n\n\n\n<li><strong>Bruxelles Formation<\/strong>: 02 371 73 00<\/li>\n\n\n\n<li><strong>BAPA BXL<\/strong>: 02 563 01 40<\/li>\n<\/ul>\n\n\n\n<h4 class=\"wp-block-heading\"><strong>Wallonia:<\/strong><\/h4>\n\n\n\n<ul class=\"wp-block-list\">\n<li><strong>FOREM<\/strong>: 071 20 61 11<\/li>\n\n\n\n<li><strong>Promoci\u00f3n Social<\/strong>: <a href=\"http:\/\/www.promsoc.cfwb.be\" data-type=\"link\" data-id=\"www.promsoc.cfwb.be\">www.promsoc.cfwb.be<\/a><\/li>\n<\/ul>\n\n\n\n<h4 class=\"wp-block-heading\"><strong>Flandes:<\/strong><\/h4>\n\n\n\n<ul class=\"wp-block-list\">\n<li><strong>VDAB<\/strong>: 0800 30 700<\/li>\n\n\n\n<li><strong>VDAB Bruselas<\/strong>: Rue des Brigittines 10<\/li>\n<\/ul>\n\n\n\n<hr class=\"wp-block-separator has-alpha-channel-opacity\"\/>\n\n\n\n<h3 class=\"wp-block-heading\"><strong>Tu Plan de Acci\u00f3n (Flexible y Realista)<\/strong><\/h3>\n\n\n\n<p>Cada paso construye sobre el anterior, creando momentum hacia tu independencia ling\u00fc\u00edstica. Pero recuerda que cada caso es diferente y no hay una regla para el tiempo de aprendizaje. Una nueva lengua necesita de estudio y m\u00e9todo, mucho repeticion y pr\u00e1ctica.  No te compares a otras personas, pues cada caso es diferente. Si trabajas y adem\u00e1s debes llegar a casa y cargar con toda la carga de trabajo del hogar es muy diferente que si no lo haces. No te juzgues. Busca el mejor modelo que se adapt\u00e9 a ti, pero no dejes de aprenderlo! Aprovecha practicarlo con las personas cercanas que puedan hablar el idioma local, escuchar la radio o ver peliculas ayuda mucho!. <\/p>\n\n\n\n<p><\/p>\n\n\n\n<h4 class=\"wp-block-heading\"><strong>Paso 1: Inscripci\u00f3n <\/strong><\/h4>\n\n\n\n<ul class=\"wp-block-list\">\n<li>Llama al organismo de tu regi\u00f3n<\/li>\n\n\n\n<li>Documentos: DNI\/Pasaporte, comprobante domicilio, CV<\/li>\n<\/ul>\n\n\n\n<h4 class=\"wp-block-heading\"><strong>Paso 2: Evaluaci\u00f3n (2-3 Semanas)<\/strong><\/h4>\n\n\n\n<ul class=\"wp-block-list\">\n<li>Test de nivel gratuito<\/li>\n\n\n\n<li>Definir objetivos realistas con consejero<\/li>\n\n\n\n<li>Verificar disponibilidad seg\u00fan tu situaci\u00f3n familiar<\/li>\n<\/ul>\n\n\n\n<h4 class=\"wp-block-heading\"><strong>Paso 3: Activaci\u00f3n (Mes Actual)<\/strong><\/h4>\n\n\n\n<ul class=\"wp-block-list\">\n<li>Solicitar ch\u00e8ques-langues<\/li>\n\n\n\n<li>Confirmar apoyo econ\u00f3mico<\/li>\n\n\n\n<li>Elegir modalidad que puedas sostener<\/li>\n<\/ul>\n\n\n\n<hr class=\"wp-block-separator has-alpha-channel-opacity\"\/>\n\n\n\n<h4 class=\"wp-block-heading\"><strong>Lqs posibilidades de Transformaci\u00f3n<\/strong> van con el idioma<\/h4>\n\n\n\n<p><strong>Prioriza el idioma:<\/strong> Sin \u00e9l, te ver\u00e1s fragilizada frente a la escuela, b\u00fasqueda laboral y vida cotidiana. Aunque existan barreras sist\u00e9micas, dominar el idioma local sigue siendo <strong>tu herramienta m\u00e1s poderosa<\/strong> para:<\/p>\n\n\n\n<ul class=\"wp-block-list\">\n<li><strong>Independencia econ\u00f3mica<\/strong><\/li>\n\n\n\n<li><strong>Confianza personal<\/strong><\/li>\n\n\n\n<li><strong>Integraci\u00f3n social real<\/strong><\/li>\n\n\n\n<li><strong>Futuro mejor para tus hijos<\/strong><\/li>\n<\/ul>\n\n\n\n<h3 class=\"wp-block-heading\"><strong>Red de apoyo<\/strong><\/h3>\n\n\n\n<p>Muhas madres migrantes han transformado sus vidas usando exactamente estos recursos. La diferencia no es el talento o las circunstancias perfectas. <strong>La diferencia es haber dado el primer paso<\/strong> y en Ma.Mi.LAB estamos para apoyarnos, pues sabemos lo dificil que puede ser este camino de integracion al idioma, el maternar y estar lejos de casa sin nuestras redes. Cada una tiene su tiempo y posibilidades asi aue no te compares nunca!. lo vas haciendo bien!<\/p>\n\n\n\n<p><\/p>\n\n\n\n<p>Gracias por leernos y deja tus comentarios!<\/p>\n\n\n\n<p><\/p>\n\n\n\n<hr class=\"wp-block-separator has-alpha-channel-opacity\"\/>\n\n\n\n<p><em>Por Mamas Migrantes Lab &#8211; Porque creemos en el poder transformador de las madres migrantes<\/em><\/p>\n\n\n\n<p>Resumen realizado por Carolina del Valle<\/p>\n\n\n\n<p><\/p>\n\n\n\n<p><strong>\ud83d\udd17 Pr\u00f3ximos pasos:<\/strong> <a href=\"https:\/\/claude.ai\/chat\/89cab5a2-4588-4a07-912a-96194f6131e8#\">Contacta con nosotras<\/a>: mamilab.belgica@gmail.com | <\/p>\n\n\n\n<p><\/p>\n\n\n\n<p><a href=\"https:\/\/claude.ai\/chat\/89cab5a2-4588-4a07-912a-96194f6131e8#\">Descarga recursos adicionales<\/a>: Lista de cursos de Franc\u00e9s en Bruselas segun comuna.<\/p>\n\n\n\n<div data-wp-interactive=\"core\/file\" class=\"wp-block-file\"><object data-wp-bind--hidden=\"!state.hasPdfPreview\" hidden class=\"wp-block-file__embed\" data=\"https:\/\/mami-lab.org\/wp-content\/uploads\/2025\/08\/Repertoire-Associatif-Bruxellois-alpha-et-fle-Bruxelles-1-1.pdf\" type=\"application\/pdf\" style=\"width:100%;height:600px\" aria-label=\"Contenu embarqu\u00e9 R\u00e9pertoire Associatif Bruxellois alpha et fle Bruxelles (1).\"><\/object><a id=\"wp-block-file--media-e57fd935-1894-4ced-9eb3-d1a266013a37\" href=\"https:\/\/mami-lab.org\/wp-content\/uploads\/2025\/08\/Repertoire-Associatif-Bruxellois-alpha-et-fle-Bruxelles-1-1.pdf\">R\u00e9pertoire Associatif Bruxellois alpha et fle Bruxelles (1)<\/a><a href=\"https:\/\/mami-lab.org\/wp-content\/uploads\/2025\/08\/Repertoire-Associatif-Bruxellois-alpha-et-fle-Bruxelles-1-1.pdf\" class=\"wp-block-file__button wp-element-button\" download aria-describedby=\"wp-block-file--media-e57fd935-1894-4ced-9eb3-d1a266013a37\">Descarga<\/a><\/div>","protected":false},"excerpt":{"rendered":"<p>Resumen de lo que necesitas saber ya Llegar a B\u00e9lgica como madre migrante puede ser abrumador, pero dominar el idioma local es tu llave hacia la independencia. Lo que muchas [&hellip;]<\/p>\n","protected":false},"author":1,"featured_media":2836,"comment_status":"open","ping_status":"open","sticky":false,"template":"","format":"standard","meta":{"site-sidebar-layout":"default","site-content-layout":"","ast-site-content-layout":"default","site-content-style":"default","site-sidebar-style":"default","ast-global-header-display":"","ast-banner-title-visibility":"","ast-main-header-display":"","ast-hfb-above-header-display":"","ast-hfb-below-header-display":"","ast-hfb-mobile-header-display":"","site-post-title":"","ast-breadcrumbs-content":"","ast-featured-img":"","footer-sml-layout":"","ast-disable-related-posts":"","theme-transparent-header-meta":"","adv-header-id-meta":"","stick-header-meta":"","header-above-stick-meta":"","header-main-stick-meta":"","header-below-stick-meta":"","astra-migrate-meta-layouts":"set","ast-page-background-enabled":"default","ast-page-background-meta":{"desktop":{"background-color":"var(--ast-global-color-4)","background-image":"","background-repeat":"repeat","background-position":"center center","background-size":"auto","background-attachment":"scroll","background-type":"","background-media":"","overlay-type":"","overlay-color":"","overlay-opacity":"","overlay-gradient":""},"tablet":{"background-color":"","background-image":"","background-repeat":"repeat","background-position":"center center","background-size":"auto","background-attachment":"scroll","background-type":"","background-media":"","overlay-type":"","overlay-color":"","overlay-opacity":"","overlay-gradient":""},"mobile":{"background-color":"","background-image":"","background-repeat":"repeat","background-position":"center center","background-size":"auto","background-attachment":"scroll","background-type":"","background-media":"","overlay-type":"","overlay-color":"","overlay-opacity":"","overlay-gradient":""}},"ast-content-background-meta":{"desktop":{"background-color":"var(--ast-global-color-5)","background-image":"","background-repeat":"repeat","background-position":"center center","background-size":"auto","background-attachment":"scroll","background-type":"","background-media":"","overlay-type":"","overlay-color":"","overlay-opacity":"","overlay-gradient":""},"tablet":{"background-color":"var(--ast-global-color-5)","background-image":"","background-repeat":"repeat","background-position":"center center","background-size":"auto","background-attachment":"scroll","background-type":"","background-media":"","overlay-type":"","overlay-color":"","overlay-opacity":"","overlay-gradient":""},"mobile":{"background-color":"var(--ast-global-color-5)","background-image":"","background-repeat":"repeat","background-position":"center center","background-size":"auto","background-attachment":"scroll","background-type":"","background-media":"","overlay-type":"","overlay-color":"","overlay-opacity":"","overlay-gradient":""}},"footnotes":""},"categories":[12],"tags":[13,14,10],"class_list":["post-2831","post","type-post","status-publish","format-standard","has-post-thumbnail","hentry","category-aprendizaje-de-la-lengua-langue","tag-cursos-de-frances-belgica","tag-cursos-de-neerlandes-belgica","tag-fle"],"_links":{"self":[{"href":"https:\/\/mami-lab.org\/fr\/wp-json\/wp\/v2\/posts\/2831","targetHints":{"allow":["GET"]}}],"collection":[{"href":"https:\/\/mami-lab.org\/fr\/wp-json\/wp\/v2\/posts"}],"about":[{"href":"https:\/\/mami-lab.org\/fr\/wp-json\/wp\/v2\/types\/post"}],"author":[{"embeddable":true,"href":"https:\/\/mami-lab.org\/fr\/wp-json\/wp\/v2\/users\/1"}],"replies":[{"embeddable":true,"href":"https:\/\/mami-lab.org\/fr\/wp-json\/wp\/v2\/comments?post=2831"}],"version-history":[{"count":25,"href":"https:\/\/mami-lab.org\/fr\/wp-json\/wp\/v2\/posts\/2831\/revisions"}],"predecessor-version":[{"id":2874,"href":"https:\/\/mami-lab.org\/fr\/wp-json\/wp\/v2\/posts\/2831\/revisions\/2874"}],"wp:featuredmedia":[{"embeddable":true,"href":"https:\/\/mami-lab.org\/fr\/wp-json\/wp\/v2\/media\/2836"}],"wp:attachment":[{"href":"https:\/\/mami-lab.org\/fr\/wp-json\/wp\/v2\/media?parent=2831"}],"wp:term":[{"taxonomy":"category","embeddable":true,"href":"https:\/\/mami-lab.org\/fr\/wp-json\/wp\/v2\/categories?post=2831"},{"taxonomy":"post_tag","embeddable":true,"href":"https:\/\/mami-lab.org\/fr\/wp-json\/wp\/v2\/tags?post=2831"}],"curies":[{"name":"wp","href":"https:\/\/api.w.org\/{rel}","templated":true}]}}